{"id":513,"date":"2017-08-28T11:26:11","date_gmt":"2017-08-28T11:26:11","guid":{"rendered":"http:\/\/www.tiroleredle.at\/hier-steht-eine-ueberschrift-die-auch-laenger-sein-kann-2\/"},"modified":"2017-11-09T17:22:45","modified_gmt":"2017-11-09T17:22:45","slug":"hier-steht-eine-ueberschrift-die-auch-laenger-sein-kann-2","status":"publish","type":"post","link":"https:\/\/www.tiroleredle.at\/en\/hier-steht-eine-ueberschrift-die-auch-laenger-sein-kann-2\/","title":{"rendered":"Hier steht eine \u00dcberschrift, die auch l\u00e4nger sein kann."},"content":{"rendered":"<p>Das Warten hat ein Ende \u2026 die lieben Grauviehk\u00fche sind zur\u00fcck von ihrer Sommerfrische auf den Tiroler Almen. Gest\u00e4rkt von der guten Luft und dem wertvollen Futter auf den Almweiden, auf denen noch eine Vielfalt an Blumen, Gr\u00e4sern und Kr\u00e4utern zu finden ist, geben sie wieder beste Milch. Damit starten auch wir wieder in die neue Saison, die edlen Schokoladen sind ab sofort wieder\u00a0erh\u00e4ltlich.<\/p>\n<p><a href=\"https:\/\/www.tiroleredle.at\/wp-content\/uploads\/2017\/11\/TE-indivuelle-Verpackung-2017_18_low.pdf\">TE indivuelle Verpackung 2017_18_low<\/a><\/p>\n<p>Tiroler Edle Schokoladen sind etwas f\u00fcr bewusste Genie\u00dfer. Hansj\u00f6rg Haag beherrscht die hohe Kunst der Schokoladenerzeugung &#8211; erlernt hat er dieses besondere Handwerk in der Schweiz und in Frankreich. &#8220;Die Kunst eines Chocolatiers ist es, die passende Kakaosorte f\u00fcr jede Schokolade zu finden&#8221;, so Haag. Bei der Auswahl der Kakaolieferanten sind die Nachvollziehbarkeit der Herkunft, die Nachhaltigkeit des Anbaus, humane Arbeitsbedingungen und eine gerechte Entlohnung f\u00fcr die Kakaobauern ganz wesentliche Kriterien. Und dies gilt auch f\u00fcr alle weiteren Rohstoffe, die vorwiegend heimisch sind und h\u00f6chste Qualit\u00e4tsanspr\u00fcche erf\u00fcllen. Die Zutaten f\u00fcr die herrlichen F\u00fcllungen &#8211; Beeren, Obst, N\u00fcsse, Edelbr\u00e4nde &#8211; sowie die Milch und der Rahm stammen aus der n\u00e4heren Umgebung.<\/p>\n<img loading=\"lazy\" decoding=\"async\" class=\"alignnone wp-image-215 size-full\" src=\"https:\/\/www.tiroleredle.at\/wp-content\/uploads\/2017\/08\/new-details-01.jpg\" alt=\"\" width=\"1270\" height=\"848\" srcset=\"https:\/\/www.tiroleredle.at\/wp-content\/uploads\/2017\/08\/new-details-01.jpg 1270w, https:\/\/www.tiroleredle.at\/wp-content\/uploads\/2017\/08\/new-details-01-253x169.jpg 253w\" sizes=\"(max-width: 1270px) 100vw, 1270px\" \/>\n<p>\u201eDie hervorragende Milch der liebenswerten Grauviehk\u00fche verschmilzt perfekt mit dem hochwertigen Kakao. Beste Rohstoffe vereint durch vollendetes handwerkliches K\u00f6nnen sorgen f\u00fcr einen einmaligen Genuss, der das Leben vers\u00fc\u00dft, aber auch das Bewusstsein f\u00fcr klein strukturierte, authentische Lebensmittelerzeugung weckt\u201c sind sich Therese Fiegl und Hansj\u00f6rg Haag einig.<\/p>\n<img loading=\"lazy\" decoding=\"async\" class=\"alignnone wp-image-219 size-full\" src=\"https:\/\/www.tiroleredle.at\/wp-content\/uploads\/2017\/08\/new-details-02.jpg\" alt=\"\" width=\"1270\" height=\"847\" srcset=\"https:\/\/www.tiroleredle.at\/wp-content\/uploads\/2017\/08\/new-details-02.jpg 1270w, https:\/\/www.tiroleredle.at\/wp-content\/uploads\/2017\/08\/new-details-02-253x169.jpg 253w\" sizes=\"(max-width: 1270px) 100vw, 1270px\" \/>\n<p>Hansj\u00f6rg und sein Sohn Christoph waren in den letzten Tagen schon flei\u00dfig am Werk, damit gleich zu Saisonbeginn das gesamte Sortiment verf\u00fcgbar ist. Auch heuer haben sie wieder an neuen Rezepturen get\u00fcftelt &#8211; heuer neu gibt es die &#8220;purissima mit Wintergew\u00fcrzen&#8221; sowie die beiden gef\u00fcllten Sorten &#8220;mit Karamell und Salzkristallen&#8221; und &#8220;mit Edelbitter und Kirsch&#8221;. Alle ganz besondere Schokoladen, die man unbedingt probieren muss!<\/p>\n","protected":false},"excerpt":{"rendered":"<p>Das Warten hat ein Ende \u2026 die lieben Grauviehk\u00fche sind zur\u00fcck von ihrer Sommerfrische auf den Tiroler Almen. Gest\u00e4rkt von der guten Luft und dem wertvollen Futter auf den&hellip;<\/p>\n","protected":false},"author":1,"featured_media":240,"comment_status":"open","ping_status":"open","sticky":false,"template":"","format":"standard","meta":{"_acf_changed":false,"footnotes":""},"categories":[15],"tags":[],"class_list":["post-513","post","type-post","status-publish","format-standard","has-post-thumbnail","hentry","category-uncategorized"],"acf":[],"_links":{"self":[{"href":"https:\/\/www.tiroleredle.at\/en\/wp-json\/wp\/v2\/posts\/513"}],"collection":[{"href":"https:\/\/www.tiroleredle.at\/en\/wp-json\/wp\/v2\/posts"}],"about":[{"href":"https:\/\/www.tiroleredle.at\/en\/wp-json\/wp\/v2\/types\/post"}],"author":[{"embeddable":true,"href":"https:\/\/www.tiroleredle.at\/en\/wp-json\/wp\/v2\/users\/1"}],"replies":[{"embeddable":true,"href":"https:\/\/www.tiroleredle.at\/en\/wp-json\/wp\/v2\/comments?post=513"}],"version-history":[{"count":0,"href":"https:\/\/www.tiroleredle.at\/en\/wp-json\/wp\/v2\/posts\/513\/revisions"}],"wp:featuredmedia":[{"embeddable":true,"href":"https:\/\/www.tiroleredle.at\/en\/wp-json\/wp\/v2\/media\/240"}],"wp:attachment":[{"href":"https:\/\/www.tiroleredle.at\/en\/wp-json\/wp\/v2\/media?parent=513"}],"wp:term":[{"taxonomy":"category","embeddable":true,"href":"https:\/\/www.tiroleredle.at\/en\/wp-json\/wp\/v2\/categories?post=513"},{"taxonomy":"post_tag","embeddable":true,"href":"https:\/\/www.tiroleredle.at\/en\/wp-json\/wp\/v2\/tags?post=513"}],"curies":[{"name":"wp","href":"https:\/\/api.w.org\/{rel}","templated":true}]}}